{"id":90,"date":"2022-04-29T15:34:15","date_gmt":"2022-04-29T13:34:15","guid":{"rendered":"https:\/\/www.europedelasante.eu\/?p=90"},"modified":"2022-04-29T15:36:34","modified_gmt":"2022-04-29T13:36:34","slug":"video-joelle-melin","status":"publish","type":"post","link":"https:\/\/www.europedelasante.eu\/index.php\/2022\/04\/29\/video-joelle-melin\/","title":{"rendered":"Vid\u00e9o : Jo\u00eblle M\u00e9lin"},"content":{"rendered":"\n<p>Consultez les r\u00e9ponses de Jo\u00eblle M\u00e9lin (Rassemblement National) \u00e0 la question \u00ab Quelle Europe de la sant\u00e9 pour nos concitoyens ? \u00bb <\/p>\n\n\n\n<figure class=\"wp-block-embed is-type-video is-provider-youtube wp-block-embed-youtube wp-embed-aspect-16-9 wp-has-aspect-ratio\"><div class=\"wp-block-embed__wrapper\">\n<iframe title=\"Europe de la sant\u00e9 : Jo\u00eblle M\u00e9lin (Rassemblement National)\" width=\"640\" height=\"360\" src=\"https:\/\/www.youtube.com\/embed\/0JbpMEDPiAw?feature=oembed\" frameborder=\"0\" allow=\"accelerometer; autoplay; clipboard-write; encrypted-media; gyroscope; picture-in-picture; web-share\" referrerpolicy=\"strict-origin-when-cross-origin\" allowfullscreen><\/iframe>\n<\/div><\/figure>\n","protected":false},"excerpt":{"rendered":"<p>Consultez les r\u00e9ponses de Jo\u00eblle M\u00e9lin (Rassemblement National) \u00e0 la question \u00ab Quelle Europe de la sant\u00e9 pour nos concitoyens ? \u00bb<\/p>\n","protected":false},"author":2,"featured_media":0,"comment_status":"open","ping_status":"open","sticky":false,"template":"","format":"standard","meta":{"footnotes":""},"categories":[8],"tags":[],"class_list":["post-90","post","type-post","status-publish","format-standard","hentry","category-publications"],"_links":{"self":[{"href":"https:\/\/www.europedelasante.eu\/index.php\/wp-json\/wp\/v2\/posts\/90","targetHints":{"allow":["GET"]}}],"collection":[{"href":"https:\/\/www.europedelasante.eu\/index.php\/wp-json\/wp\/v2\/posts"}],"about":[{"href":"https:\/\/www.europedelasante.eu\/index.php\/wp-json\/wp\/v2\/types\/post"}],"author":[{"embeddable":true,"href":"https:\/\/www.europedelasante.eu\/index.php\/wp-json\/wp\/v2\/users\/2"}],"replies":[{"embeddable":true,"href":"https:\/\/www.europedelasante.eu\/index.php\/wp-json\/wp\/v2\/comments?post=90"}],"version-history":[{"count":2,"href":"https:\/\/www.europedelasante.eu\/index.php\/wp-json\/wp\/v2\/posts\/90\/revisions"}],"predecessor-version":[{"id":93,"href":"https:\/\/www.europedelasante.eu\/index.php\/wp-json\/wp\/v2\/posts\/90\/revisions\/93"}],"wp:attachment":[{"href":"https:\/\/www.europedelasante.eu\/index.php\/wp-json\/wp\/v2\/media?parent=90"}],"wp:term":[{"taxonomy":"category","embeddable":true,"href":"https:\/\/www.europedelasante.eu\/index.php\/wp-json\/wp\/v2\/categories?post=90"},{"taxonomy":"post_tag","embeddable":true,"href":"https:\/\/www.europedelasante.eu\/index.php\/wp-json\/wp\/v2\/tags?post=90"}],"curies":[{"name":"wp","href":"https:\/\/api.w.org\/{rel}","templated":true}]}}