{"id":119,"date":"2022-04-29T16:03:36","date_gmt":"2022-04-29T14:03:36","guid":{"rendered":"https:\/\/www.europedelasante.eu\/?p=119"},"modified":"2022-04-29T16:03:36","modified_gmt":"2022-04-29T14:03:36","slug":"edition-scientifique-le-modele-de-ledition-scientifique-est-il-encore-adapte-aux-besoins-de-la-communaute-scientifique","status":"publish","type":"post","link":"https:\/\/www.europedelasante.eu\/index.php\/2022\/04\/29\/edition-scientifique-le-modele-de-ledition-scientifique-est-il-encore-adapte-aux-besoins-de-la-communaute-scientifique\/","title":{"rendered":"\u00c9dition scientifique : Le mod\u00e8le de l\u2019\u00e9dition scientifique est-il encore adapt\u00e9 aux besoins de la communaut\u00e9 scientifique ?"},"content":{"rendered":"\n<p>Depuis les lumi\u00e8res, les scientifiques partagent \u00e0 leur pairs les d\u00e9couvertes scientifiques, permettant ainsi de faire avancer la Science. Depuis, le mod\u00e8le de la diffusion des connaissances scientifiques a peu \u00e0 peu \u00e9volu\u00e9 passant des livres, \u00e0 la publication d\u2019articles dans des journaux sp\u00e9cialis\u00e9s. Aujourd\u2019hui, cette publication scientifique conditionne aussi les carri\u00e8res des chercheurs, et la renomm\u00e9e des universit\u00e9s. Cependant, le mod\u00e8le actuel se doit d\u2019\u00e9voluer encore pour r\u00e9pondre aux nouveaux imp\u00e9ratifs de la recherche et permettre une diffusion rapide de l\u2019information \u00e0 un public toujours plus large. Le contexte de pand\u00e9mie, met ainsi en lumi\u00e8re cette n\u00e9cessit\u00e9 de changement, ainsi que les sujets cruciaux de l\u2019open sciences et de l\u2019open access.<\/p>\n\n\n\n<div class=\"_df_book df-lite\" id=\"df_116\"  _slug=\"le-modele-de-ledition-scientifique-est-il-encore-adapte-aux-besoins-de-la-communaute-scientifique\" data-title=\"le-modele-de-ledition-scientifique-est-il-encore-adapte-aux-besoins-de-la-communaute-scientifique\" wpoptions=\"true\" thumbtype=\"\" ><\/div><script class=\"df-shortcode-script\" type=\"application\/javascript\">window.option_df_116 = {\"outline\":[],\"autoEnableOutline\":\"false\",\"autoEnableThumbnail\":\"false\",\"overwritePDFOutline\":\"false\",\"direction\":\"1\",\"pageSize\":\"0\",\"source\":\"https:\\\/\\\/www.europedelasante.eu\\\/wp-content\\\/uploads\\\/2022\\\/04\\\/05-Edition-scientifique-vf.pdf\",\"wpOptions\":\"true\"}; if(window.DFLIP && window.DFLIP.parseBooks){window.DFLIP.parseBooks();}<\/script>\n","protected":false},"excerpt":{"rendered":"<p>Depuis les lumi\u00e8res, les scientifiques partagent \u00e0 leur pairs les d\u00e9couvertes scientifiques, permettant ainsi de faire avancer la Science. Depuis, le mod\u00e8le de la&#8230;<\/p>\n","protected":false},"author":2,"featured_media":0,"comment_status":"open","ping_status":"open","sticky":false,"template":"","format":"standard","meta":{"footnotes":""},"categories":[8],"tags":[],"class_list":["post-119","post","type-post","status-publish","format-standard","hentry","category-publications"],"_links":{"self":[{"href":"https:\/\/www.europedelasante.eu\/index.php\/wp-json\/wp\/v2\/posts\/119","targetHints":{"allow":["GET"]}}],"collection":[{"href":"https:\/\/www.europedelasante.eu\/index.php\/wp-json\/wp\/v2\/posts"}],"about":[{"href":"https:\/\/www.europedelasante.eu\/index.php\/wp-json\/wp\/v2\/types\/post"}],"author":[{"embeddable":true,"href":"https:\/\/www.europedelasante.eu\/index.php\/wp-json\/wp\/v2\/users\/2"}],"replies":[{"embeddable":true,"href":"https:\/\/www.europedelasante.eu\/index.php\/wp-json\/wp\/v2\/comments?post=119"}],"version-history":[{"count":1,"href":"https:\/\/www.europedelasante.eu\/index.php\/wp-json\/wp\/v2\/posts\/119\/revisions"}],"predecessor-version":[{"id":120,"href":"https:\/\/www.europedelasante.eu\/index.php\/wp-json\/wp\/v2\/posts\/119\/revisions\/120"}],"wp:attachment":[{"href":"https:\/\/www.europedelasante.eu\/index.php\/wp-json\/wp\/v2\/media?parent=119"}],"wp:term":[{"taxonomy":"category","embeddable":true,"href":"https:\/\/www.europedelasante.eu\/index.php\/wp-json\/wp\/v2\/categories?post=119"},{"taxonomy":"post_tag","embeddable":true,"href":"https:\/\/www.europedelasante.eu\/index.php\/wp-json\/wp\/v2\/tags?post=119"}],"curies":[{"name":"wp","href":"https:\/\/api.w.org\/{rel}","templated":true}]}}